{"id":3276,"date":"2026-04-09T08:40:17","date_gmt":"2026-04-09T06:40:17","guid":{"rendered":"https:\/\/www.mpk.swidnica.pl\/?p=3276"},"modified":"2026-04-09T12:29:20","modified_gmt":"2026-04-09T10:29:20","slug":"elementor-3276","status":"publish","type":"post","link":"https:\/\/www.mpk.swidnica.pl\/index.php\/2026\/04\/09\/elementor-3276\/","title":{"rendered":"54 RAJD \u015aWIDNICKI"},"content":{"rendered":"\t\t<div data-elementor-type=\"wp-post\" data-elementor-id=\"3276\" class=\"elementor elementor-3276\" data-elementor-settings=\"[]\">\n\t\t\t\t\t\t<div class=\"elementor-inner\">\n\t\t\t\t\t\t\t<div class=\"elementor-section-wrap\">\n\t\t\t\t\t\t\t<section class=\"elementor-section elementor-top-section elementor-element elementor-element-32ec37a9 elementor-section-boxed elementor-section-height-default elementor-section-height-default\" data-id=\"32ec37a9\" data-element_type=\"section\">\n\t\t\t\t\t\t<div class=\"elementor-container elementor-column-gap-default\">\n\t\t\t\t\t\t\t<div class=\"elementor-row\">\n\t\t\t\t\t<div class=\"elementor-column elementor-col-100 elementor-top-column elementor-element elementor-element-47987fc2\" data-id=\"47987fc2\" data-element_type=\"column\">\n\t\t\t<div class=\"elementor-column-wrap elementor-element-populated\">\n\t\t\t\t\t\t\t<div class=\"elementor-widget-wrap\">\n\t\t\t\t\t\t<div class=\"elementor-element elementor-element-6be03c3b elementor-widget elementor-widget-text-editor\" data-id=\"6be03c3b\" data-element_type=\"widget\" data-widget_type=\"text-editor.default\">\n\t\t\t\t<div class=\"elementor-widget-container\">\n\t\t\t\t\t<div class=\"elementor-text-editor elementor-clearfix\"><p>54 RAJD \u015aWIDNICKI&nbsp;<\/p><\/div>\n\t\t\t\t<\/div>\n\t\t\t\t<\/div>\n\t\t\t\t\t\t<\/div>\n\t\t\t\t\t<\/div>\n\t\t<\/div>\n\t\t\t\t\t\t\t\t<\/div>\n\t\t\t\t\t<\/div>\n\t\t<\/section>\n\t\t\t\t<section class=\"elementor-section elementor-top-section elementor-element elementor-element-dbb1cd6 elementor-section-boxed elementor-section-height-default elementor-section-height-default\" data-id=\"dbb1cd6\" data-element_type=\"section\">\n\t\t\t\t\t\t<div class=\"elementor-container elementor-column-gap-default\">\n\t\t\t\t\t\t\t<div class=\"elementor-row\">\n\t\t\t\t\t<div class=\"elementor-column elementor-col-100 elementor-top-column elementor-element elementor-element-ee65df7\" data-id=\"ee65df7\" data-element_type=\"column\">\n\t\t\t<div class=\"elementor-column-wrap elementor-element-populated\">\n\t\t\t\t\t\t\t<div class=\"elementor-widget-wrap\">\n\t\t\t\t\t\t<div class=\"elementor-element elementor-element-9fe0f99 elementor-widget elementor-widget-text-editor\" data-id=\"9fe0f99\" data-element_type=\"widget\" data-widget_type=\"text-editor.default\">\n\t\t\t\t<div class=\"elementor-widget-container\">\n\t\t\t\t\t<div class=\"elementor-text-editor elementor-clearfix\"><p style=\"text-align: center;\"><strong>Komunikat<\/strong><\/p>\n<p>Urz\u0105d Miejski w \u015awidnicy informuje, \u017ce w dniach 24-25.04.2026 r., w zwi\u0105zku z odbywaj\u0105cym si\u0119 \u201e54 Rajdem \u015awidnickim\u201d nast\u0105pi\u0105 zmiany w funkcjonowaniu komunikacji miejskiej:<\/p>\n<p>\u00a0<\/p>\n<p>&#8211; pi\u0105tek 24.04.2026 r., od godz. 14:00 do ko\u0144ca dnia<\/p>\n<p>&#8211; sobota 25.04.2026 r., od rana do godz. 19:00<\/p>\n<p>\u00a0<\/p>\n<p>&#8211; Linia nr 1 i 30 &#8211; po\u0142\u0105czenia b\u0119d\u0105 obs\u0142ugiwane z pomini\u0119ciem przystank\u00f3w przy ulicach: \u015al\u0105ska OSIR, Pionier\u00f3w Ziemi \u015awidnickiej, al. Niepodleg\u0142o\u015bci (kierunek pl. Grunwaldzki).<\/p>\n<p>\u00b7 Objazd dla linii nr 1 poprowadzony zostanie przez pl. Micha\u0142a Drzyma\u0142y.<\/p>\n<p>\u00b7 Objazd dla linii nr 30 przebiega\u0107 b\u0119dzie przez ul. Kraszowick\u0105 dla wszystkich kurs\u00f3w.<\/p>\n<p>\u00a0<\/p>\n<p>&#8211; Linia nr 2 b\u0119dzie wykonywa\u0107 kursy tylko do przystanku przy pl. Micha\u0142a Drzyma\u0142y i rozpoczyna\u0107 bieg powrotny z przystanku Westerplatte Galeria.<\/p>\n<p>\u00a0<\/p>\n<p>\u00a0<\/p>\n<p>\u00a0<\/p>\n<p>Za utrudnienia przepraszamy.<\/p><\/div>\n\t\t\t\t<\/div>\n\t\t\t\t<\/div>\n\t\t\t\t\t\t<\/div>\n\t\t\t\t\t<\/div>\n\t\t<\/div>\n\t\t\t\t\t\t\t\t<\/div>\n\t\t\t\t\t<\/div>\n\t\t<\/section>\n\t\t\t\t\t\t<\/div>\n\t\t\t\t\t\t<\/div>\n\t\t\t\t\t<\/div>\n\t\t","protected":false},"excerpt":{"rendered":"<p>54 RAJD \u015aWIDNICKI&nbsp; Komunikat Urz\u0105d Miejski w \u015awidnicy informuje, \u017ce w dniach 24-25.04.2026 r., w zwi\u0105zku z odbywaj\u0105cym si\u0119 \u201e54 Rajdem \u015awidnickim\u201d nast\u0105pi\u0105 zmiany w funkcjonowaniu komunikacji miejskiej: &#8211; pi\u0105tek 24.04.2026 r., od godz. 14:00 do ko\u0144ca dnia &#8211; sobota 25.04.2026 r., od rana do godz. 19:00 &#8211; Linia nr 1 i 30 &#8211; po\u0142\u0105czenia [&hellip;]<\/p>\n","protected":false},"author":2,"featured_media":2867,"comment_status":"closed","ping_status":"closed","sticky":false,"template":"","format":"standard","meta":[],"categories":[1],"tags":[],"_links":{"self":[{"href":"https:\/\/www.mpk.swidnica.pl\/index.php\/wp-json\/wp\/v2\/posts\/3276"}],"collection":[{"href":"https:\/\/www.mpk.swidnica.pl\/index.php\/wp-json\/wp\/v2\/posts"}],"about":[{"href":"https:\/\/www.mpk.swidnica.pl\/index.php\/wp-json\/wp\/v2\/types\/post"}],"author":[{"embeddable":true,"href":"https:\/\/www.mpk.swidnica.pl\/index.php\/wp-json\/wp\/v2\/users\/2"}],"replies":[{"embeddable":true,"href":"https:\/\/www.mpk.swidnica.pl\/index.php\/wp-json\/wp\/v2\/comments?post=3276"}],"version-history":[{"count":5,"href":"https:\/\/www.mpk.swidnica.pl\/index.php\/wp-json\/wp\/v2\/posts\/3276\/revisions"}],"predecessor-version":[{"id":3281,"href":"https:\/\/www.mpk.swidnica.pl\/index.php\/wp-json\/wp\/v2\/posts\/3276\/revisions\/3281"}],"wp:featuredmedia":[{"embeddable":true,"href":"https:\/\/www.mpk.swidnica.pl\/index.php\/wp-json\/wp\/v2\/media\/2867"}],"wp:attachment":[{"href":"https:\/\/www.mpk.swidnica.pl\/index.php\/wp-json\/wp\/v2\/media?parent=3276"}],"wp:term":[{"taxonomy":"category","embeddable":true,"href":"https:\/\/www.mpk.swidnica.pl\/index.php\/wp-json\/wp\/v2\/categories?post=3276"},{"taxonomy":"post_tag","embeddable":true,"href":"https:\/\/www.mpk.swidnica.pl\/index.php\/wp-json\/wp\/v2\/tags?post=3276"}],"curies":[{"name":"wp","href":"https:\/\/api.w.org\/{rel}","templated":true}]}}