{"id":3273,"date":"2026-04-03T11:20:35","date_gmt":"2026-04-03T09:20:35","guid":{"rendered":"https:\/\/www.mpk.swidnica.pl\/?p=3273"},"modified":"2026-04-03T11:21:17","modified_gmt":"2026-04-03T09:21:17","slug":"swiateczna-zmiana-rozkladu-jazdy","status":"publish","type":"post","link":"https:\/\/www.mpk.swidnica.pl\/index.php\/2026\/04\/03\/swiateczna-zmiana-rozkladu-jazdy\/","title":{"rendered":"\u015aWI\u0104TECZNA ZMIANA ROZK\u0141ADU JAZDY"},"content":{"rendered":"\t\t<div data-elementor-type=\"wp-post\" data-elementor-id=\"3273\" class=\"elementor elementor-3273\" data-elementor-settings=\"[]\">\n\t\t\t\t\t\t<div class=\"elementor-inner\">\n\t\t\t\t\t\t\t<div class=\"elementor-section-wrap\">\n\t\t\t\t\t\t\t<section class=\"elementor-section elementor-top-section elementor-element elementor-element-4b81e9a elementor-section-boxed elementor-section-height-default elementor-section-height-default\" data-id=\"4b81e9a\" data-element_type=\"section\">\n\t\t\t\t\t\t<div class=\"elementor-container elementor-column-gap-default\">\n\t\t\t\t\t\t\t<div class=\"elementor-row\">\n\t\t\t\t\t<div class=\"elementor-column elementor-col-100 elementor-top-column elementor-element elementor-element-cb6abd2\" data-id=\"cb6abd2\" data-element_type=\"column\">\n\t\t\t<div class=\"elementor-column-wrap elementor-element-populated\">\n\t\t\t\t\t\t\t<div class=\"elementor-widget-wrap\">\n\t\t\t\t\t\t<div class=\"elementor-element elementor-element-b2bc9d5 elementor-widget elementor-widget-text-editor\" data-id=\"b2bc9d5\" data-element_type=\"widget\" data-widget_type=\"text-editor.default\">\n\t\t\t\t<div class=\"elementor-widget-container\">\n\t\t\t\t\t<div class=\"elementor-text-editor elementor-clearfix\"><p>\u00a0\u00a0\u00a0\u00a0\u00a0\u00a0\u00a0\u00a0\u00a0\u00a0\u00a0\u00a0\u00a0\u00a0\u00a0\u00a0\u00a0\u00a0\u00a0\u00a0\u00a0\u00a0\u00a0\u00a0\u00a0\u00a0\u00a0 \u00a0<strong><u>Komunikat<\/u><\/strong><\/p><p>\u00a0<\/p><p>\u00a0<\/p><p><strong>Zmiany w rozk\u0142adzie jazdy komunikacji miejskiej<\/strong><\/p><p>\u00a0<\/p><p>Urz\u0105d Miejski w \u015awidnicy informuje, \u017ce w zwi\u0105zku z wielkanocn\u0105 przerw\u0105 \u015bwi\u0105teczn\u0105, w dniach:<\/p><ul><li><strong>2 kwietnia<\/strong>(czwartek)<\/li><li><strong>3 kwietnia<\/strong>(pi\u0105tek)<\/li><li><strong>7 kwietnia<\/strong>(wtorek)<\/li><\/ul><p>autobusy komunikacji miejskiej b\u0119d\u0105 kursowa\u0107 wed\u0142ug rozk\u0142adu jazdy obowi\u0105zuj\u0105cego <br \/>w\u00a0<strong>Dni Powszednie Wakacyjno-Feryjne<\/strong>.<\/p><p>\u00a0<\/p><\/div>\n\t\t\t\t<\/div>\n\t\t\t\t<\/div>\n\t\t\t\t\t\t<\/div>\n\t\t\t\t\t<\/div>\n\t\t<\/div>\n\t\t\t\t\t\t\t\t<\/div>\n\t\t\t\t\t<\/div>\n\t\t<\/section>\n\t\t\t\t\t\t<\/div>\n\t\t\t\t\t\t<\/div>\n\t\t\t\t\t<\/div>\n\t\t","protected":false},"excerpt":{"rendered":"<p>\u00a0\u00a0\u00a0\u00a0\u00a0\u00a0\u00a0\u00a0\u00a0\u00a0\u00a0\u00a0\u00a0\u00a0\u00a0\u00a0\u00a0\u00a0\u00a0\u00a0\u00a0\u00a0\u00a0\u00a0\u00a0\u00a0\u00a0 \u00a0Komunikat \u00a0 \u00a0 Zmiany w rozk\u0142adzie jazdy komunikacji miejskiej \u00a0 Urz\u0105d Miejski w \u015awidnicy informuje, \u017ce w zwi\u0105zku z wielkanocn\u0105 przerw\u0105 \u015bwi\u0105teczn\u0105, w dniach: 2 kwietnia(czwartek) 3 kwietnia(pi\u0105tek) 7 kwietnia(wtorek) autobusy komunikacji miejskiej b\u0119d\u0105 kursowa\u0107 wed\u0142ug rozk\u0142adu jazdy obowi\u0105zuj\u0105cego w\u00a0Dni Powszednie Wakacyjno-Feryjne. \u00a0<\/p>\n","protected":false},"author":2,"featured_media":2864,"comment_status":"closed","ping_status":"closed","sticky":false,"template":"","format":"standard","meta":[],"categories":[1],"tags":[],"_links":{"self":[{"href":"https:\/\/www.mpk.swidnica.pl\/index.php\/wp-json\/wp\/v2\/posts\/3273"}],"collection":[{"href":"https:\/\/www.mpk.swidnica.pl\/index.php\/wp-json\/wp\/v2\/posts"}],"about":[{"href":"https:\/\/www.mpk.swidnica.pl\/index.php\/wp-json\/wp\/v2\/types\/post"}],"author":[{"embeddable":true,"href":"https:\/\/www.mpk.swidnica.pl\/index.php\/wp-json\/wp\/v2\/users\/2"}],"replies":[{"embeddable":true,"href":"https:\/\/www.mpk.swidnica.pl\/index.php\/wp-json\/wp\/v2\/comments?post=3273"}],"version-history":[{"count":2,"href":"https:\/\/www.mpk.swidnica.pl\/index.php\/wp-json\/wp\/v2\/posts\/3273\/revisions"}],"predecessor-version":[{"id":3275,"href":"https:\/\/www.mpk.swidnica.pl\/index.php\/wp-json\/wp\/v2\/posts\/3273\/revisions\/3275"}],"wp:featuredmedia":[{"embeddable":true,"href":"https:\/\/www.mpk.swidnica.pl\/index.php\/wp-json\/wp\/v2\/media\/2864"}],"wp:attachment":[{"href":"https:\/\/www.mpk.swidnica.pl\/index.php\/wp-json\/wp\/v2\/media?parent=3273"}],"wp:term":[{"taxonomy":"category","embeddable":true,"href":"https:\/\/www.mpk.swidnica.pl\/index.php\/wp-json\/wp\/v2\/categories?post=3273"},{"taxonomy":"post_tag","embeddable":true,"href":"https:\/\/www.mpk.swidnica.pl\/index.php\/wp-json\/wp\/v2\/tags?post=3273"}],"curies":[{"name":"wp","href":"https:\/\/api.w.org\/{rel}","templated":true}]}}