{"id":3165,"date":"2025-10-27T13:23:31","date_gmt":"2025-10-27T12:23:31","guid":{"rendered":"https:\/\/www.mpk.swidnica.pl\/?p=3165"},"modified":"2025-10-27T13:25:42","modified_gmt":"2025-10-27T12:25:42","slug":"nowy-rozklad-jazdy-od-01-11-2025r","status":"publish","type":"post","link":"https:\/\/www.mpk.swidnica.pl\/index.php\/2025\/10\/27\/nowy-rozklad-jazdy-od-01-11-2025r\/","title":{"rendered":"Nowy Rozk\u0142ad jazdy od 02-11-2025r"},"content":{"rendered":"\t\t<div data-elementor-type=\"wp-post\" data-elementor-id=\"3165\" class=\"elementor elementor-3165\" data-elementor-settings=\"[]\">\n\t\t\t\t\t\t<div class=\"elementor-inner\">\n\t\t\t\t\t\t\t<div class=\"elementor-section-wrap\">\n\t\t\t\t\t\t\t<section class=\"elementor-section elementor-top-section elementor-element elementor-element-8f26bb3 elementor-section-boxed elementor-section-height-default elementor-section-height-default\" data-id=\"8f26bb3\" data-element_type=\"section\">\n\t\t\t\t\t\t<div class=\"elementor-container elementor-column-gap-default\">\n\t\t\t\t\t\t\t<div class=\"elementor-row\">\n\t\t\t\t\t<div class=\"elementor-column elementor-col-100 elementor-top-column elementor-element elementor-element-27cdcab\" data-id=\"27cdcab\" data-element_type=\"column\">\n\t\t\t<div class=\"elementor-column-wrap elementor-element-populated\">\n\t\t\t\t\t\t\t<div class=\"elementor-widget-wrap\">\n\t\t\t\t\t\t<div class=\"elementor-element elementor-element-f340006 elementor-widget elementor-widget-text-editor\" data-id=\"f340006\" data-element_type=\"widget\" data-widget_type=\"text-editor.default\">\n\t\t\t\t<div class=\"elementor-widget-container\">\n\t\t\t\t\t<div class=\"elementor-text-editor elementor-clearfix\"><p><b>Urz\u0105d Miejski w \u015awidnicy informuje, \u017ce od <\/b><b>02.11.2025 r<\/b><b>. (niedziela) obowi\u0105zywa\u0107 b\u0119dzie zmodyfikowany rozk\u0142ad jazdy komunikacji miejskiej w \u015awidnicy dla dni powszednich szkolnych, powszednich wakacyjno-feryjnych, sob\u00f3t i niedziel. Wprowadzone zostan\u0105 zmiany:<\/b><\/p><ul><li>Linia nr <b>2<\/b><b> <\/b>zmienia tras\u0119 przejazdu, obs\u0142uguj\u0105c przystanek na pl. Micha\u0142a Drzyma\u0142y, przystanek Galeria \u015awidnicka oraz przystanek na pl. Wolno\u015bci, pomijaj\u0105c tym samym przystanki przy ul. Pionier\u00f3w Ziemi \u015awidnickiej. Linia ta zako\u0144czy sw\u00f3j bieg na ul. S\u0142owia\u0144skiej<\/li><li>Wprowadza si\u0119 lini\u0119 nr<b> <\/b><b>4<\/b> \u0142\u0105cz\u0105c\u0105 Osiedle Zawisz\u00f3w z ul. Strzeli\u0144sk\u0105<span class=\"Apple-converted-space\">\u00a0<\/span><\/li><li>Ka\u017cdy kurs linii nr <b>10<\/b> zako\u0144czy sw\u00f3j bieg na pl. \u015bw. Ma\u0142gorzaty, zaprzestaj\u0105c tym samym obs\u0142ugi przystank\u00f3w przy al. Colgate<\/li><li>W przebiegu trasy linii nr <b>11<\/b> zaprzestaje si\u0119 obs\u0142ugi przystank\u00f3w przy ul. Zielonej<\/li><li>Zmodyfikowane zosta\u0142y godziny odjazdu poszczeg\u00f3lnych linii miejskich i podmiejskich<\/li><\/ul><p><b>Prosimy o zapoznanie si\u0119 z nowym rozk\u0142adem jazdy dost\u0119pnym na przystankach od<span class=\"Apple-converted-space\">\u00a0 <\/span><\/b><b>31 pa\u017adziernika 2025 r.<\/b><b><\/b><\/p><\/div>\n\t\t\t\t<\/div>\n\t\t\t\t<\/div>\n\t\t\t\t\t\t<\/div>\n\t\t\t\t\t<\/div>\n\t\t<\/div>\n\t\t\t\t\t\t\t\t<\/div>\n\t\t\t\t\t<\/div>\n\t\t<\/section>\n\t\t\t\t\t\t<\/div>\n\t\t\t\t\t\t<\/div>\n\t\t\t\t\t<\/div>\n\t\t","protected":false},"excerpt":{"rendered":"<p>Urz\u0105d Miejski w \u015awidnicy informuje, \u017ce od 02.11.2025 r. (niedziela) obowi\u0105zywa\u0107 b\u0119dzie zmodyfikowany rozk\u0142ad jazdy komunikacji miejskiej w \u015awidnicy dla dni powszednich szkolnych, powszednich wakacyjno-feryjnych, sob\u00f3t i niedziel. Wprowadzone zostan\u0105 zmiany: Linia nr 2 zmienia tras\u0119 przejazdu, obs\u0142uguj\u0105c przystanek na pl. Micha\u0142a Drzyma\u0142y, przystanek Galeria \u015awidnicka oraz przystanek na pl. Wolno\u015bci, pomijaj\u0105c tym samym przystanki [&hellip;]<\/p>\n","protected":false},"author":2,"featured_media":0,"comment_status":"closed","ping_status":"closed","sticky":false,"template":"","format":"standard","meta":[],"categories":[1],"tags":[],"_links":{"self":[{"href":"https:\/\/www.mpk.swidnica.pl\/index.php\/wp-json\/wp\/v2\/posts\/3165"}],"collection":[{"href":"https:\/\/www.mpk.swidnica.pl\/index.php\/wp-json\/wp\/v2\/posts"}],"about":[{"href":"https:\/\/www.mpk.swidnica.pl\/index.php\/wp-json\/wp\/v2\/types\/post"}],"author":[{"embeddable":true,"href":"https:\/\/www.mpk.swidnica.pl\/index.php\/wp-json\/wp\/v2\/users\/2"}],"replies":[{"embeddable":true,"href":"https:\/\/www.mpk.swidnica.pl\/index.php\/wp-json\/wp\/v2\/comments?post=3165"}],"version-history":[{"count":4,"href":"https:\/\/www.mpk.swidnica.pl\/index.php\/wp-json\/wp\/v2\/posts\/3165\/revisions"}],"predecessor-version":[{"id":3169,"href":"https:\/\/www.mpk.swidnica.pl\/index.php\/wp-json\/wp\/v2\/posts\/3165\/revisions\/3169"}],"wp:attachment":[{"href":"https:\/\/www.mpk.swidnica.pl\/index.php\/wp-json\/wp\/v2\/media?parent=3165"}],"wp:term":[{"taxonomy":"category","embeddable":true,"href":"https:\/\/www.mpk.swidnica.pl\/index.php\/wp-json\/wp\/v2\/categories?post=3165"},{"taxonomy":"post_tag","embeddable":true,"href":"https:\/\/www.mpk.swidnica.pl\/index.php\/wp-json\/wp\/v2\/tags?post=3165"}],"curies":[{"name":"wp","href":"https:\/\/api.w.org\/{rel}","templated":true}]}}