{"id":2773,"date":"2024-12-23T10:16:38","date_gmt":"2024-12-23T09:16:38","guid":{"rendered":"https:\/\/www.mpk.swidnica.pl\/?p=2773"},"modified":"2024-12-23T10:18:07","modified_gmt":"2024-12-23T09:18:07","slug":"zmiany-w-komunikacji-od-23-12-2024-do-01-01-2025","status":"publish","type":"post","link":"https:\/\/www.mpk.swidnica.pl\/index.php\/2024\/12\/23\/zmiany-w-komunikacji-od-23-12-2024-do-01-01-2025\/","title":{"rendered":"Zmiany w komunikacji od 23.12.2024 do 01.01.2025"},"content":{"rendered":"\t\t<div data-elementor-type=\"wp-post\" data-elementor-id=\"2773\" class=\"elementor elementor-2773\" data-elementor-settings=\"[]\">\n\t\t\t\t\t\t<div class=\"elementor-inner\">\n\t\t\t\t\t\t\t<div class=\"elementor-section-wrap\">\n\t\t\t\t\t\t\t<section class=\"elementor-section elementor-top-section elementor-element elementor-element-be2c3b7 elementor-section-boxed elementor-section-height-default elementor-section-height-default\" data-id=\"be2c3b7\" data-element_type=\"section\">\n\t\t\t\t\t\t<div class=\"elementor-container elementor-column-gap-default\">\n\t\t\t\t\t\t\t<div class=\"elementor-row\">\n\t\t\t\t\t<div class=\"elementor-column elementor-col-100 elementor-top-column elementor-element elementor-element-8e5d4c7\" data-id=\"8e5d4c7\" data-element_type=\"column\">\n\t\t\t<div class=\"elementor-column-wrap elementor-element-populated\">\n\t\t\t\t\t\t\t<div class=\"elementor-widget-wrap\">\n\t\t\t\t\t\t<div class=\"elementor-element elementor-element-ecfef5b elementor-widget elementor-widget-text-editor\" data-id=\"ecfef5b\" data-element_type=\"widget\" data-widget_type=\"text-editor.default\">\n\t\t\t\t<div class=\"elementor-widget-container\">\n\t\t\t\t\t<div class=\"elementor-text-editor elementor-clearfix\"><p>Urz\u0105d Miejski w \u015awidnicy informuje, \u017ce w okresie \u015awi\u0105t Bo\u017cego Narodzenia i Nowego Roku, komunikacja miejska b\u0119dzie funkcjonowa\u0107, jak poni\u017cej:<\/p><p>\u00a0<\/p><ol><li>W dni powszednie od 23 do 31 grudnia 2024 r. linie miejskie i zamiejskie b\u0119d\u0105 realizowane wg. rozk\u0142adu jazdy \u201eOdjazdy w <strong>dni powszednie wakacyjno-feryjne<\/strong>\u201d<\/li><li>W dniach 24 i 31 grudnia 2024 r. linie miejskie i zamiejskie b\u0119d\u0105 wykonywa\u0142y tylko kursy rozpoczynaj\u0105ce si\u0119 z przystank\u00f3w pocz\u0105tkowych do godz. <strong>17:00. <\/strong>Pozosta\u0142e kursy nie b\u0119d\u0105 realizowane.<\/li><li>W dniach 25 i 26 grudnia 2024 r. oraz01.2025 r. <strong>zawiesza si\u0119 <\/strong>kursowanie linii nr<strong> 4 <\/strong>i <strong>7 <\/strong>oraz kursy pracownicze linii nr<strong> 10.<\/strong><\/li><\/ol><p>\u00a0<\/p><p><strong>\u00a0<\/strong><\/p><p><strong>\u00a0<\/strong><\/p><p>\u00a0\u00a0\u00a0\u00a0\u00a0\u00a0\u00a0\u00a0\u00a0\u00a0\u00a0\u00a0\u00a0\u00a0\u00a0\u00a0\u00a0\u00a0\u00a0\u00a0\u00a0\u00a0\u00a0\u00a0\u00a0 \u00a0\u00a0Za utrudnienia przepraszamy.<\/p><\/div>\n\t\t\t\t<\/div>\n\t\t\t\t<\/div>\n\t\t\t\t\t\t<\/div>\n\t\t\t\t\t<\/div>\n\t\t<\/div>\n\t\t\t\t\t\t\t\t<\/div>\n\t\t\t\t\t<\/div>\n\t\t<\/section>\n\t\t\t\t\t\t<\/div>\n\t\t\t\t\t\t<\/div>\n\t\t\t\t\t<\/div>\n\t\t","protected":false},"excerpt":{"rendered":"<p>Urz\u0105d Miejski w \u015awidnicy informuje, \u017ce w okresie \u015awi\u0105t Bo\u017cego Narodzenia i Nowego Roku, komunikacja miejska b\u0119dzie funkcjonowa\u0107, jak poni\u017cej: W dni powszednie od 23 do 31 grudnia 2024 r. linie miejskie i zamiejskie b\u0119d\u0105 realizowane wg. rozk\u0142adu jazdy \u201eOdjazdy w dni powszednie wakacyjno-feryjne\u201d W dniach 24 i 31 grudnia 2024 r. linie miejskie i [&hellip;]<\/p>\n","protected":false},"author":2,"featured_media":1698,"comment_status":"closed","ping_status":"closed","sticky":false,"template":"","format":"standard","meta":[],"categories":[1],"tags":[],"_links":{"self":[{"href":"https:\/\/www.mpk.swidnica.pl\/index.php\/wp-json\/wp\/v2\/posts\/2773"}],"collection":[{"href":"https:\/\/www.mpk.swidnica.pl\/index.php\/wp-json\/wp\/v2\/posts"}],"about":[{"href":"https:\/\/www.mpk.swidnica.pl\/index.php\/wp-json\/wp\/v2\/types\/post"}],"author":[{"embeddable":true,"href":"https:\/\/www.mpk.swidnica.pl\/index.php\/wp-json\/wp\/v2\/users\/2"}],"replies":[{"embeddable":true,"href":"https:\/\/www.mpk.swidnica.pl\/index.php\/wp-json\/wp\/v2\/comments?post=2773"}],"version-history":[{"count":3,"href":"https:\/\/www.mpk.swidnica.pl\/index.php\/wp-json\/wp\/v2\/posts\/2773\/revisions"}],"predecessor-version":[{"id":2776,"href":"https:\/\/www.mpk.swidnica.pl\/index.php\/wp-json\/wp\/v2\/posts\/2773\/revisions\/2776"}],"wp:featuredmedia":[{"embeddable":true,"href":"https:\/\/www.mpk.swidnica.pl\/index.php\/wp-json\/wp\/v2\/media\/1698"}],"wp:attachment":[{"href":"https:\/\/www.mpk.swidnica.pl\/index.php\/wp-json\/wp\/v2\/media?parent=2773"}],"wp:term":[{"taxonomy":"category","embeddable":true,"href":"https:\/\/www.mpk.swidnica.pl\/index.php\/wp-json\/wp\/v2\/categories?post=2773"},{"taxonomy":"post_tag","embeddable":true,"href":"https:\/\/www.mpk.swidnica.pl\/index.php\/wp-json\/wp\/v2\/tags?post=2773"}],"curies":[{"name":"wp","href":"https:\/\/api.w.org\/{rel}","templated":true}]}}