{"id":2569,"date":"2023-12-22T09:27:44","date_gmt":"2023-12-22T08:27:44","guid":{"rendered":"https:\/\/www.mpk.swidnica.pl\/?p=2569"},"modified":"2024-01-24T17:10:37","modified_gmt":"2024-01-24T16:10:37","slug":"zmiany-na-linii-60","status":"publish","type":"post","link":"https:\/\/www.mpk.swidnica.pl\/index.php\/2023\/12\/22\/zmiany-na-linii-60\/","title":{"rendered":"Zmiany na linii 60"},"content":{"rendered":"\t\t<div data-elementor-type=\"wp-post\" data-elementor-id=\"2569\" class=\"elementor elementor-2569\" data-elementor-settings=\"[]\">\n\t\t\t\t\t\t<div class=\"elementor-inner\">\n\t\t\t\t\t\t\t<div class=\"elementor-section-wrap\">\n\t\t\t\t\t\t\t<section class=\"elementor-section elementor-top-section elementor-element elementor-element-7f999ba elementor-section-boxed elementor-section-height-default elementor-section-height-default\" data-id=\"7f999ba\" data-element_type=\"section\">\n\t\t\t\t\t\t<div class=\"elementor-container elementor-column-gap-default\">\n\t\t\t\t\t\t\t<div class=\"elementor-row\">\n\t\t\t\t\t<div class=\"elementor-column elementor-col-100 elementor-top-column elementor-element elementor-element-aa5c1f9\" data-id=\"aa5c1f9\" data-element_type=\"column\">\n\t\t\t<div class=\"elementor-column-wrap elementor-element-populated\">\n\t\t\t\t\t\t\t<div class=\"elementor-widget-wrap\">\n\t\t\t\t\t\t<div class=\"elementor-element elementor-element-ff6c965 elementor-widget elementor-widget-text-editor\" data-id=\"ff6c965\" data-element_type=\"widget\" data-widget_type=\"text-editor.default\">\n\t\t\t\t<div class=\"elementor-widget-container\">\n\t\t\t\t\t<div class=\"elementor-text-editor elementor-clearfix\"><p><strong>Urz\u0105d Miejski w \u015awidnicy informuje, \u017ce od 06.01.2024 r. (sobota) obowi\u0105zywa\u0107 b\u0119dzie zmieniony rozk\u0142ad jazdy komunikacji miejskiej dla linii nr <\/strong><strong><u>60<\/u><\/strong><strong> na terenie gminy \u015awidnica.<\/strong><\/p><p><strong><em>NAJWA\u017bNIEJSZE ZMIANY:<\/em><\/strong><\/p><ul><li><strong>Likwidacji ulegn\u0105 nast\u0119puj\u0105ce kursy realizowane w niedziele: <\/strong><\/li><\/ul><ol><li><strong> Z pl. Grunwaldzkiego do Stachowic, godz. odjazdu: 6:47, 8:32, 10:00 <\/strong><\/li><li><strong> Ze Stachowic do pl. Grunwaldzkiego, godz. odjazdu: 7:29, 9:14, 10:30<\/strong><\/li><\/ol><ul><li><strong>Wprowadzone zostan\u0105 nast\u0119puj\u0105ce kursy realizowane w niedziele: <\/strong><\/li><\/ul><ol><li><strong> Z pl. Grunwaldzkiego przez Lutomi\u0119 G\u00f3rn\u0105 do Stachowic, godz. odjazdu: 7:50,<\/strong><\/li><li><strong> Z pl. Grunwaldzkiego do Lutomi G\u00f3rnej, godz. odjazdu: 11:05 <\/strong><\/li><li><strong> Ze Stachowic przez Lutomi\u0119 G\u00f3rn\u0105 do pl. Grunwaldzkiego, godz. odjazdu: 10:15<\/strong><\/li><li><strong> Z Lutomi G\u00f3rnej do pl. Grunwaldzkiego, godz. odjazdu: 11:35<\/strong><\/li><\/ol><p><strong>Kursy realizowane w dni robocze oraz w soboty nie ulegaj\u0105 zmianie.<\/strong><\/p><p><strong>\u00a0<\/strong><\/p><p><strong><em><u>W zawi\u0105zku z wprowadzonymi zmianami<\/u><\/em> <u>prosimy o zapoznanie si\u0119 z nowymi rozk\u0142adami jazdy dost\u0119pnymi na przystankach od \u00a005.01. 2024 r.<\/u> <\/strong> <strong><u>oraz w internecie na stronach www.um.swidnica.pl oraz www.mpk.swidnica.pl<\/u><\/strong><\/p><\/div>\n\t\t\t\t<\/div>\n\t\t\t\t<\/div>\n\t\t\t\t\t\t<\/div>\n\t\t\t\t\t<\/div>\n\t\t<\/div>\n\t\t\t\t\t\t\t\t<\/div>\n\t\t\t\t\t<\/div>\n\t\t<\/section>\n\t\t\t\t\t\t<\/div>\n\t\t\t\t\t\t<\/div>\n\t\t\t\t\t<\/div>\n\t\t","protected":false},"excerpt":{"rendered":"<p>Urz\u0105d Miejski w \u015awidnicy informuje, \u017ce od 06.01.2024 r. (sobota) obowi\u0105zywa\u0107 b\u0119dzie zmieniony rozk\u0142ad jazdy komunikacji miejskiej dla linii nr 60 na terenie gminy \u015awidnica. NAJWA\u017bNIEJSZE ZMIANY: Likwidacji ulegn\u0105 nast\u0119puj\u0105ce kursy realizowane w niedziele: Z pl. Grunwaldzkiego do Stachowic, godz. odjazdu: 6:47, 8:32, 10:00 Ze Stachowic do pl. Grunwaldzkiego, godz. odjazdu: 7:29, 9:14, 10:30 Wprowadzone [&hellip;]<\/p>\n","protected":false},"author":2,"featured_media":1698,"comment_status":"closed","ping_status":"closed","sticky":false,"template":"","format":"standard","meta":[],"categories":[1],"tags":[],"_links":{"self":[{"href":"https:\/\/www.mpk.swidnica.pl\/index.php\/wp-json\/wp\/v2\/posts\/2569"}],"collection":[{"href":"https:\/\/www.mpk.swidnica.pl\/index.php\/wp-json\/wp\/v2\/posts"}],"about":[{"href":"https:\/\/www.mpk.swidnica.pl\/index.php\/wp-json\/wp\/v2\/types\/post"}],"author":[{"embeddable":true,"href":"https:\/\/www.mpk.swidnica.pl\/index.php\/wp-json\/wp\/v2\/users\/2"}],"replies":[{"embeddable":true,"href":"https:\/\/www.mpk.swidnica.pl\/index.php\/wp-json\/wp\/v2\/comments?post=2569"}],"version-history":[{"count":3,"href":"https:\/\/www.mpk.swidnica.pl\/index.php\/wp-json\/wp\/v2\/posts\/2569\/revisions"}],"predecessor-version":[{"id":2590,"href":"https:\/\/www.mpk.swidnica.pl\/index.php\/wp-json\/wp\/v2\/posts\/2569\/revisions\/2590"}],"wp:featuredmedia":[{"embeddable":true,"href":"https:\/\/www.mpk.swidnica.pl\/index.php\/wp-json\/wp\/v2\/media\/1698"}],"wp:attachment":[{"href":"https:\/\/www.mpk.swidnica.pl\/index.php\/wp-json\/wp\/v2\/media?parent=2569"}],"wp:term":[{"taxonomy":"category","embeddable":true,"href":"https:\/\/www.mpk.swidnica.pl\/index.php\/wp-json\/wp\/v2\/categories?post=2569"},{"taxonomy":"post_tag","embeddable":true,"href":"https:\/\/www.mpk.swidnica.pl\/index.php\/wp-json\/wp\/v2\/tags?post=2569"}],"curies":[{"name":"wp","href":"https:\/\/api.w.org\/{rel}","templated":true}]}}