{"id":1822,"date":"2021-11-16T11:15:58","date_gmt":"2021-11-16T10:15:58","guid":{"rendered":"http:\/\/mpk-swidnica.home.pl\/autoinstalator\/wordpress2\/?p=1822"},"modified":"2021-11-16T11:16:08","modified_gmt":"2021-11-16T10:16:08","slug":"zakonczenie-remontu-ul-wroclawska","status":"publish","type":"post","link":"https:\/\/www.mpk.swidnica.pl\/index.php\/2021\/11\/16\/zakonczenie-remontu-ul-wroclawska\/","title":{"rendered":"Zako\u0144czenie remontu ul. Wroc\u0142awska"},"content":{"rendered":"\t\t<div data-elementor-type=\"wp-post\" data-elementor-id=\"1822\" class=\"elementor elementor-1822\" data-elementor-settings=\"[]\">\n\t\t\t\t\t\t<div class=\"elementor-inner\">\n\t\t\t\t\t\t\t<div class=\"elementor-section-wrap\">\n\t\t\t\t\t\t\t<section class=\"elementor-section elementor-top-section elementor-element elementor-element-72be4ac elementor-section-boxed elementor-section-height-default elementor-section-height-default\" data-id=\"72be4ac\" data-element_type=\"section\">\n\t\t\t\t\t\t<div class=\"elementor-container elementor-column-gap-default\">\n\t\t\t\t\t\t\t<div class=\"elementor-row\">\n\t\t\t\t\t<div class=\"elementor-column elementor-col-100 elementor-top-column elementor-element elementor-element-ba31d78\" data-id=\"ba31d78\" data-element_type=\"column\">\n\t\t\t<div class=\"elementor-column-wrap elementor-element-populated\">\n\t\t\t\t\t\t\t<div class=\"elementor-widget-wrap\">\n\t\t\t\t\t\t<div class=\"elementor-element elementor-element-e3fcf25 elementor-widget elementor-widget-text-editor\" data-id=\"e3fcf25\" data-element_type=\"widget\" data-widget_type=\"text-editor.default\">\n\t\t\t\t<div class=\"elementor-widget-container\">\n\t\t\t\t\t<div class=\"elementor-text-editor elementor-clearfix\"><p>Urz\u0105d Miejski w \u015awidnicy uprzejmie informuje, \u017ce w zwi\u0105zku z \u00a0zako\u0144czeniem prac remontowych na ul. Wroc\u0142awskiej, od dnia 20.11.2021r \u00a0zostaje przywr\u00f3cony przebieg trasy dla linii 7 , 41 i 43 bez objazdu.<\/p><p>Ponownie b\u0119d\u0105 obs\u0142ugiwane przystanki: Wroc\u0142awska\/Sienna i Wroc\u0142awska\/Wierzbowa.<\/p><p>Przystanek zast\u0119pczy przy ul. Wodnej zostaje zlikwidowany.<\/p><\/div>\n\t\t\t\t<\/div>\n\t\t\t\t<\/div>\n\t\t\t\t\t\t<\/div>\n\t\t\t\t\t<\/div>\n\t\t<\/div>\n\t\t\t\t\t\t\t\t<\/div>\n\t\t\t\t\t<\/div>\n\t\t<\/section>\n\t\t\t\t\t\t<\/div>\n\t\t\t\t\t\t<\/div>\n\t\t\t\t\t<\/div>\n\t\t","protected":false},"excerpt":{"rendered":"<p>Urz\u0105d Miejski w \u015awidnicy uprzejmie informuje, \u017ce w zwi\u0105zku z \u00a0zako\u0144czeniem prac remontowych na ul. Wroc\u0142awskiej, od dnia 20.11.2021r \u00a0zostaje przywr\u00f3cony przebieg trasy dla linii 7 , 41 i 43 bez objazdu. Ponownie b\u0119d\u0105 obs\u0142ugiwane przystanki: Wroc\u0142awska\/Sienna i Wroc\u0142awska\/Wierzbowa. Przystanek zast\u0119pczy przy ul. Wodnej zostaje zlikwidowany.<\/p>\n","protected":false},"author":2,"featured_media":0,"comment_status":"open","ping_status":"open","sticky":false,"template":"","format":"standard","meta":[],"categories":[1],"tags":[],"_links":{"self":[{"href":"https:\/\/www.mpk.swidnica.pl\/index.php\/wp-json\/wp\/v2\/posts\/1822"}],"collection":[{"href":"https:\/\/www.mpk.swidnica.pl\/index.php\/wp-json\/wp\/v2\/posts"}],"about":[{"href":"https:\/\/www.mpk.swidnica.pl\/index.php\/wp-json\/wp\/v2\/types\/post"}],"author":[{"embeddable":true,"href":"https:\/\/www.mpk.swidnica.pl\/index.php\/wp-json\/wp\/v2\/users\/2"}],"replies":[{"embeddable":true,"href":"https:\/\/www.mpk.swidnica.pl\/index.php\/wp-json\/wp\/v2\/comments?post=1822"}],"version-history":[{"count":2,"href":"https:\/\/www.mpk.swidnica.pl\/index.php\/wp-json\/wp\/v2\/posts\/1822\/revisions"}],"predecessor-version":[{"id":1824,"href":"https:\/\/www.mpk.swidnica.pl\/index.php\/wp-json\/wp\/v2\/posts\/1822\/revisions\/1824"}],"wp:attachment":[{"href":"https:\/\/www.mpk.swidnica.pl\/index.php\/wp-json\/wp\/v2\/media?parent=1822"}],"wp:term":[{"taxonomy":"category","embeddable":true,"href":"https:\/\/www.mpk.swidnica.pl\/index.php\/wp-json\/wp\/v2\/categories?post=1822"},{"taxonomy":"post_tag","embeddable":true,"href":"https:\/\/www.mpk.swidnica.pl\/index.php\/wp-json\/wp\/v2\/tags?post=1822"}],"curies":[{"name":"wp","href":"https:\/\/api.w.org\/{rel}","templated":true}]}}